{"id":842,"date":"2018-06-29T12:44:11","date_gmt":"2018-06-29T12:44:11","guid":{"rendered":"https:\/\/wp.mun.ca\/studentblog\/?p=842"},"modified":"2018-06-29T12:44:11","modified_gmt":"2018-06-29T12:44:11","slug":"first-social-science-conference","status":"publish","type":"post","link":"https:\/\/wp.mun.ca\/studentblog\/first-social-science-conference\/","title":{"rendered":"My first social science conference was filled with thought provoking experiences"},"content":{"rendered":"<p>In the last week of May, I attended the <a href=\"https:\/\/csse-scee.ca\/wp-content\/uploads\/2018\/05\/2018_CSSE_PC_Prog_CSSE_20180328_CompleteB.pdf\" target=\"_blank\" rel=\"noopener\">Congress of the Humanities and Social Sciences hosted by the University of Regina in Saskatchewan<\/a>. This conference is the annual gathering of all the societies and groups, which form the Canadian Society for the Study of Education (La Soci\u00e9t\u00e9 canadienne pour l&#8217;\u00e9tude de l&#8217;\u00e9ducation &#8211; CSSE\/SC\u00c9\u00c9).\u00a0 The event was transformative for me, as a former fish biologist and current science teacher, and I am still reflecting and processing. Within this blog I will share a few of my experiences from CSSE\/SC\u00c9\u00c9 2018.<\/p>\n<p>Many readers will ally with this statement; my flights were the worst part of the experience\u2026 I started early Friday morning from Deer Lake and, after three connections and 14 hours, I arrived in Regina feeling haggard. I tried to sleep but at 5:30 am the next morning (now Saturday morning), the sunrise streaming through my window roused me. Since sleep is futile when the sun is up, I decided to take a walk on campus in an attempt to \u201cshake out the cob webs.\u201d Less than 1 km into my prairie trek, I came upon an amazing vista; a circle of bright white tipis shining under the rising sun. Gobsmacked, I stood in silent contemplation and stared. This was an unexpected and poignant start to my day. I grew up next to the Gold River Reservation in Nova Scotia, I have Mi&#8217;kmaq friends in Nova Scotia and Newfoundland, but I had never seen such a striking and beautiful display of indigenous culture. It was impressive. This was the first of many indigenous cultural experiences I would encounter during the Congress.<\/p>\n<div id=\"attachment_843\" style=\"width: 4042px\" class=\"wp-caption alignnone\"><a href=\"https:\/\/wp.mun.ca\/studentblog\/wp-content\/uploads\/sites\/16\/2018\/06\/tipi.jpg\"><img loading=\"lazy\" decoding=\"async\" aria-describedby=\"caption-attachment-843\" class=\"wp-image-843 size-full\" src=\"https:\/\/wp.mun.ca\/studentblog\/wp-content\/uploads\/sites\/16\/2018\/06\/tipi.jpg\" alt=\"\" width=\"4032\" height=\"3024\" srcset=\"https:\/\/wp.mun.ca\/studentblog\/wp-content\/uploads\/sites\/16\/2018\/06\/tipi.jpg 4032w, https:\/\/wp.mun.ca\/studentblog\/wp-content\/uploads\/sites\/16\/2018\/06\/tipi-300x225.jpg 300w, https:\/\/wp.mun.ca\/studentblog\/wp-content\/uploads\/sites\/16\/2018\/06\/tipi-768x576.jpg 768w, https:\/\/wp.mun.ca\/studentblog\/wp-content\/uploads\/sites\/16\/2018\/06\/tipi-1024x768.jpg 1024w\" sizes=\"auto, (max-width: 4032px) 100vw, 4032px\" \/><\/a><p id=\"caption-attachment-843\" class=\"wp-caption-text\">Looking East at tipis on the grounds of the <a href=\"http:\/\/fnuniv.ca\/\" target=\"_blank\" rel=\"noopener\">First Nations University of Canada<\/a>. Tipi structure and design has significant cultural meanings \u2013 for more details visit <a href=\"https:\/\/hanblechiadesigns.wordpress.com\/2015\/02\/12\/the-tipi-the-connection-to-the-physical-and-spiritual\/\" target=\"_blank\" rel=\"noopener\">this post<\/a> by Melvin War Eagle<\/p><\/div>\n<p>Later the same day (still Saturday), I attended the opening presentations of the Congress and was happy the organizers made all attendees, especially newbies like myself, aware the University of Regina is located in the territories of the n\u00eahiyawak, Anih\u0161in\u0101p\u0113k, and Dakota, Lakota, and Nakoda, and the homeland of the M\u00e9tis. My morning experience made me happy to be a guest on Treaty-4 lands. I also discovered the n\u00eahiyawak\u00a0called this area \u201coskana k\u0101-asast\u0113ki\u201d meaning \u201cthe place where bones are piled up\u201d resulting in the city of Regina\u2019s moniker, \u201cPile O\u2019Bones.\u201d<\/p>\n<div id=\"attachment_844\" style=\"width: 4042px\" class=\"wp-caption alignnone\"><a href=\"https:\/\/wp.mun.ca\/studentblog\/wp-content\/uploads\/sites\/16\/2018\/06\/bones.jpg\"><img loading=\"lazy\" decoding=\"async\" aria-describedby=\"caption-attachment-844\" class=\"wp-image-844 size-full\" src=\"https:\/\/wp.mun.ca\/studentblog\/wp-content\/uploads\/sites\/16\/2018\/06\/bones.jpg\" alt=\"\" width=\"4032\" height=\"3024\" srcset=\"https:\/\/wp.mun.ca\/studentblog\/wp-content\/uploads\/sites\/16\/2018\/06\/bones.jpg 4032w, https:\/\/wp.mun.ca\/studentblog\/wp-content\/uploads\/sites\/16\/2018\/06\/bones-300x225.jpg 300w, https:\/\/wp.mun.ca\/studentblog\/wp-content\/uploads\/sites\/16\/2018\/06\/bones-768x576.jpg 768w, https:\/\/wp.mun.ca\/studentblog\/wp-content\/uploads\/sites\/16\/2018\/06\/bones-1024x768.jpg 1024w\" sizes=\"auto, (max-width: 4032px) 100vw, 4032px\" \/><\/a><p id=\"caption-attachment-844\" class=\"wp-caption-text\">The Royal Saskatchewan Museum is also \u201coskana k\u0101-asast\u0113ki\u201d or \u201cthe place where bones are piled up.\u201d<\/p><\/div>\n<p>For the rest of the first day of the Congress I soaked up experiences. I saw my first drumming lesson, witnessed the pride of young indigenous dancers, and heard a story of colonial cultural oppression. Imagine a presentation on \u201cDecolonizing and Indigenizing the Academy: Achieving Cognitive Justice.\u201d The presentation was gripping and it brought me back in time to a paper I wrote about residential schools (as a Dalhousie undergrad). With little support, indigenous culture survived these oppressive institutions \u2013 I was joyful, embarrassed, and inspired all in the same moment. What an amazing day. I had a lot to sleep on.<\/p>\n<p>The next day, I attended to the main purpose of travelling to the conference: presenting two papers, one as primary author and the other as third author, for the Science Education Research Group (SERG). These presentations were a first for me at a national conference and I was entering new social science territory.<\/p>\n<p>During breakfast that Sunday morning I was a little nervous. Shortly after entering the room for the SERG meetings my trepidation disappeared. My first conversations and introductions with SERG group members occurred while we moved chairs to prepare the room for the meetings. I was struck by their collegiality as they chatted and caught with each other while moving furniture. My supervisor had informed me that the SERG group was tight knit and during the presentations that followed our set up, I admit finding people friendly, supportive, and genuinely engaged with each other\u2019s research; nothing like my biology conferences of the past where things could be caustic and competitive. The atmosphere was refreshing!<\/p>\n<div id=\"attachment_845\" style=\"width: 534px\" class=\"wp-caption alignnone\"><a href=\"https:\/\/wp.mun.ca\/studentblog\/wp-content\/uploads\/sites\/16\/2018\/06\/chart.png\"><img loading=\"lazy\" decoding=\"async\" aria-describedby=\"caption-attachment-845\" class=\"wp-image-845 size-full\" src=\"https:\/\/wp.mun.ca\/studentblog\/wp-content\/uploads\/sites\/16\/2018\/06\/chart.png\" alt=\"\" width=\"524\" height=\"359\" srcset=\"https:\/\/wp.mun.ca\/studentblog\/wp-content\/uploads\/sites\/16\/2018\/06\/chart.png 524w, https:\/\/wp.mun.ca\/studentblog\/wp-content\/uploads\/sites\/16\/2018\/06\/chart-300x206.png 300w\" sizes=\"auto, (max-width: 524px) 100vw, 524px\" \/><\/a><p id=\"caption-attachment-845\" class=\"wp-caption-text\">An image from <a href=\"https:\/\/drive.google.com\/file\/d\/1YB6ztKZqoTjshALDZ8RDU5FZ4WjhdRZ_\/view?usp=sharing\" target=\"_blank\" rel=\"noopener\">my presentation<\/a> demonstrating how I changed my teaching over time \u2013 please note that I am still a science person who loves graphs!<\/p><\/div>\n<p><span style=\"font-size: 16px;\">Later in the afternoon I presented my genetics teaching autoethnography and I felt the same positive regard for my work that was shown for previous presenters. This feeling was reinforced post-presentation with positive comments and questions from the SERG group members. For the next three days I hung out with this group of researchers for interesting science education presentations, engaging round table discussions, and a group dinner at a swanky Regina eatery. I had many educational and entertaining one-on-one conversations while forming new collegial relationships. The experience was well worth the suffering travel and, in spite of the extremely long flight, I look forward catching up with my new colleagues in British Columbia in 2019.<\/span><\/p>\n<p>The SERG meetings also had presentations on indigenizing education and demonstrating indigenous ways of knowing. These sessions connected well with others I attended in the main Congress (see below).<\/p>\n<ul>\n<li>Visioning Environmental Sustainability Education in Teacher Education<\/li>\n<li>Developing Cross Cultural Understandings for Teaching<\/li>\n<li>Decolonizing and Indigenizing the Academy: <a href=\"https:\/\/www.youtube.com\/watch?v=XKQyvcOvAPI\" target=\"_blank\" rel=\"noopener\">Achieving Cognitive Justice<\/a><\/li>\n<li>Visioning Environmental &amp; Sustainability Education in Teacher Education: Town Hall Session<\/li>\n<\/ul>\n<p><a href=\"https:\/\/wp.mun.ca\/studentblog\/wp-content\/uploads\/sites\/16\/2018\/06\/globe.jpg\"><img loading=\"lazy\" decoding=\"async\" class=\"wp-image-846 size-full\" src=\"https:\/\/wp.mun.ca\/studentblog\/wp-content\/uploads\/sites\/16\/2018\/06\/globe.jpg\" alt=\"\" width=\"2892\" height=\"2080\" srcset=\"https:\/\/wp.mun.ca\/studentblog\/wp-content\/uploads\/sites\/16\/2018\/06\/globe.jpg 2892w, https:\/\/wp.mun.ca\/studentblog\/wp-content\/uploads\/sites\/16\/2018\/06\/globe-300x216.jpg 300w, https:\/\/wp.mun.ca\/studentblog\/wp-content\/uploads\/sites\/16\/2018\/06\/globe-768x552.jpg 768w, https:\/\/wp.mun.ca\/studentblog\/wp-content\/uploads\/sites\/16\/2018\/06\/globe-1024x736.jpg 1024w\" sizes=\"auto, (max-width: 2892px) 100vw, 2892px\" \/><\/a><\/p>\n<p>This display at the Royal Saskatchewan Museum demonstrates is from a thought provoking student art project on \u201cRestoring and Sustaining Balance.\u201d Sustainability is a personal goal for me; my CSSE 2018 experiences certainly fanned the flames of this fire.My CSSE 2018 experiences consolidated my belief that in order to move forward as educators, we must reconcile our differences to find ways to make the world better for all living things. I am fishing guide along with being an educator and my \u201cnature experiences\u201d have helped me forge deep connections with the earth. I comprehend connections to living things and understand my impact on the planet. However, I see trouble with our future; many people are unaware of their impact on earth.<\/p>\n<p>As a science teacher I feel the obligation to provide eye-opening experiences for students, such as those I witnessed in at CSSE in Regina, so they may discover we are all connected and need each other. I have interpreted this as an indigenous way of knowing. I want to help students see that in relation to nature, greed and selfish ways will lead to suffering, while sustainability and sharing will lead to harmony. Presently, I continue to reflect on the many \u201clearnings\u201d of CSSE 2018, and am more mindful of all things connected to me. Through reflection I will weave these experiences into my consciousness to shape my future thinking. My next blog will discuss my resolutions as they relate to ocean education and sustainability, until then, Pat<\/p>\n<p>PS &#8211; I am thankful for CSSE\/SC\u00c9\u00c9 2018 experience in Regina and am grateful to all who supported my trip. Special thanks to: The Dr. Kate Bride Memorial Scholarship, Dr. Karen Goodnough, MUN GSU, MUN Faculty of Education, the CSSE 2018 for a Graduate Student Award, the NLTA and NLESD for making these experiences possible.<\/p>\n<p>&nbsp;<\/p>\n","protected":false},"excerpt":{"rendered":"<p>In the last week of May, I attended the Congress of the Humanities and Social Sciences hosted by the University of Regina in Saskatchewan. This conference is the annual gathering of all the societies and groups, which form the Canadian Society for the Study of Education (La Soci\u00e9t\u00e9 canadienne pour l&#8217;\u00e9tude de l&#8217;\u00e9ducation &#8211; CSSE\/SC\u00c9\u00c9).\u00a0 &#8230; <span class=\"more\"><a class=\"more-link\" href=\"https:\/\/wp.mun.ca\/studentblog\/first-social-science-conference\/\">[Read more&#8230;]<\/a><\/span><\/p>\n","protected":false},"author":140,"featured_media":0,"comment_status":"closed","ping_status":"closed","sticky":false,"template":"","format":"standard","meta":{"footnotes":""},"categories":[2],"tags":[13,17,8,18],"class_list":{"0":"entry","1":"post","2":"publish","3":"author-patrick-wells","4":"post-842","6":"format-standard","7":"category-student-blog","8":"post_tag-conference","9":"post_tag-indigenous","10":"post_tag-phd","11":"post_tag-sustainability"},"_links":{"self":[{"href":"https:\/\/wp.mun.ca\/studentblog\/wp-json\/wp\/v2\/posts\/842","targetHints":{"allow":["GET"]}}],"collection":[{"href":"https:\/\/wp.mun.ca\/studentblog\/wp-json\/wp\/v2\/posts"}],"about":[{"href":"https:\/\/wp.mun.ca\/studentblog\/wp-json\/wp\/v2\/types\/post"}],"author":[{"embeddable":true,"href":"https:\/\/wp.mun.ca\/studentblog\/wp-json\/wp\/v2\/users\/140"}],"replies":[{"embeddable":true,"href":"https:\/\/wp.mun.ca\/studentblog\/wp-json\/wp\/v2\/comments?post=842"}],"version-history":[{"count":4,"href":"https:\/\/wp.mun.ca\/studentblog\/wp-json\/wp\/v2\/posts\/842\/revisions"}],"predecessor-version":[{"id":850,"href":"https:\/\/wp.mun.ca\/studentblog\/wp-json\/wp\/v2\/posts\/842\/revisions\/850"}],"wp:attachment":[{"href":"https:\/\/wp.mun.ca\/studentblog\/wp-json\/wp\/v2\/media?parent=842"}],"wp:term":[{"taxonomy":"category","embeddable":true,"href":"https:\/\/wp.mun.ca\/studentblog\/wp-json\/wp\/v2\/categories?post=842"},{"taxonomy":"post_tag","embeddable":true,"href":"https:\/\/wp.mun.ca\/studentblog\/wp-json\/wp\/v2\/tags?post=842"}],"curies":[{"name":"wp","href":"https:\/\/api.w.org\/{rel}","templated":true}]}}